{"id":249,"date":"2021-08-02T11:27:15","date_gmt":"2021-08-02T09:27:15","guid":{"rendered":"http:\/\/disseny-test.uoc.edu\/materials\/projectes-tipografia\/?p=249"},"modified":"2021-08-20T10:28:48","modified_gmt":"2021-08-20T08:28:48","slug":"lobs-la-revista-donde-conviven-las-tensiones-tipograficas-y-las-politicas","status":"publish","type":"post","link":"http:\/\/disseny-test.uoc.edu\/materials\/projectes-tipografia\/es\/lobs-la-revista-donde-conviven-las-tensiones-tipograficas-y-las-politicas\/","title":{"rendered":"<em>L\u2019OBS<\/em>, la revista donde conviven las tensiones tipogr\u00e1ficas y las pol\u00edticas"},"content":{"rendered":"<p>&nbsp;<\/p>\n<p><img loading=\"lazy\" class=\"my-image wp-image-69 size-full\" src=\"http:\/\/disseny-test.uoc.edu\/materials\/projectes-tipografia\/wp-content\/uploads\/sites\/19\/2021\/07\/41336_12-b.jpg\" alt=\"\" width=\"840\" height=\"570\" srcset=\"http:\/\/disseny-test.uoc.edu\/materials\/projectes-tipografia\/wp-content\/uploads\/sites\/19\/2021\/07\/41336_12-b.jpg 840w, http:\/\/disseny-test.uoc.edu\/materials\/projectes-tipografia\/wp-content\/uploads\/sites\/19\/2021\/07\/41336_12-b-300x204.jpg 300w, http:\/\/disseny-test.uoc.edu\/materials\/projectes-tipografia\/wp-content\/uploads\/sites\/19\/2021\/07\/41336_12-b-768x521.jpg 768w\" sizes=\"(max-width: 840px) 100vw, 840px\" \/><\/p>\n<div id=\"attachment_68\" style=\"width: 850px\" class=\"wp-caption alignnone\"><img aria-describedby=\"caption-attachment-68\" loading=\"lazy\" class=\"my-image wp-image-68 size-full\" src=\"http:\/\/disseny-test.uoc.edu\/materials\/projectes-tipografia\/wp-content\/uploads\/sites\/19\/2021\/07\/41336_12-a.jpg\" alt=\"\" width=\"840\" height=\"557\" srcset=\"http:\/\/disseny-test.uoc.edu\/materials\/projectes-tipografia\/wp-content\/uploads\/sites\/19\/2021\/07\/41336_12-a.jpg 840w, http:\/\/disseny-test.uoc.edu\/materials\/projectes-tipografia\/wp-content\/uploads\/sites\/19\/2021\/07\/41336_12-a-300x199.jpg 300w, http:\/\/disseny-test.uoc.edu\/materials\/projectes-tipografia\/wp-content\/uploads\/sites\/19\/2021\/07\/41336_12-a-768x509.jpg 768w\" sizes=\"(max-width: 840px) 100vw, 840px\" \/><p id=\"caption-attachment-68\" class=\"wp-caption-text\">Fuente: <em>L&#8217;Obs \u2013 Serge Ricco.<\/em><\/p><\/div>\n<h2>Descripci\u00f3n<\/h2>\n<p>Serge Ricco entr\u00f3 a trabajar en el setmanario pol\u00edtico franc\u00e9s <em>Le Nouvel Observateur<\/em> en 2009 y con diez a\u00f1os ha dado la vuelta tanto al tratamiento tipogr\u00e1fico como al fotogr\u00e1fico. Incluso le cambi\u00f3 el nombre reduci\u00e9ndolo a la m\u00ednima expresi\u00f3n, como ya hac\u00edan sus lectores. De esta forma, <em>L\u2019OBS<\/em> ha convertido sus p\u00e1ginas llenas de opini\u00f3n y comentarios pol\u00edticos en un divertimiento que ha atrapado a miles de lectores a la revista impresa mientras sus competidores pon\u00edan esfuerzos en las versiones en l\u00ednea. Si os fij\u00e1is en las p\u00e1ginas de <em>L\u2019OBS<\/em>, podr\u00e9is observar como Ricco combina much\u00edsimas familias tipogr\u00e1ficas. De hecho, es muy posible que esta exuberancia tipogr\u00e1fica os parezca fea. Y es as\u00ed, este es uno de los argumentos que defiende el dise\u00f1o de Ricco: que lo feo se vende bien. De todas formas, m\u00e1s all\u00e1 del juicio subjetivo de la belleza, lo que s\u00ed merece el dise\u00f1ador es un aplauso por su buen saber hacer tipogr\u00e1fico. No es nada f\u00e1cil combinar tantas familias en una sola superficie, as\u00ed que ampliad las fotograf\u00edas y fijaros en los recursos que utiliza para armonizar el caos: una excelente ret\u00edcula de fondo que estructura la diversidad, un tratamiento de los colores austero que compensa pesos, y el uso de figuras ornamentales como filetes, flechas y grecas que lo ayudan a crear conexiones entre formas.<\/p>\n<h3>Enlace<\/h3>\n<p><a href=\"http:\/\/www.sergericco.com\/lobs\" target=\"_blank\" rel=\"noopener\">http:\/\/www.sergericco.com\/lobs<\/a><\/p>\n","protected":false},"excerpt":{"rendered":"<p>&nbsp; Descripci\u00f3n Serge Ricco entr\u00f3 a trabajar en el setmanario pol\u00edtico franc\u00e9s Le Nouvel Observateur en 2009 y con diez a\u00f1os ha dado la vuelta tanto al tratamiento tipogr\u00e1fico como al fotogr\u00e1fico. Incluso le cambi\u00f3 el nombre reduci\u00e9ndolo a la m\u00ednima expresi\u00f3n, como ya hac\u00edan sus lectores. De esta forma, L\u2019OBS ha convertido sus p\u00e1ginas [&hellip;]<\/p>\n","protected":false},"author":1,"featured_media":69,"comment_status":"open","ping_status":"open","sticky":false,"template":"","format":"standard","meta":{"inline_featured_image":false},"categories":[58],"tags":[],"acf":[],"_links":{"self":[{"href":"http:\/\/disseny-test.uoc.edu\/materials\/projectes-tipografia\/es\/wp-json\/wp\/v2\/posts\/249"}],"collection":[{"href":"http:\/\/disseny-test.uoc.edu\/materials\/projectes-tipografia\/es\/wp-json\/wp\/v2\/posts"}],"about":[{"href":"http:\/\/disseny-test.uoc.edu\/materials\/projectes-tipografia\/es\/wp-json\/wp\/v2\/types\/post"}],"author":[{"embeddable":true,"href":"http:\/\/disseny-test.uoc.edu\/materials\/projectes-tipografia\/es\/wp-json\/wp\/v2\/users\/1"}],"replies":[{"embeddable":true,"href":"http:\/\/disseny-test.uoc.edu\/materials\/projectes-tipografia\/es\/wp-json\/wp\/v2\/comments?post=249"}],"version-history":[{"count":6,"href":"http:\/\/disseny-test.uoc.edu\/materials\/projectes-tipografia\/es\/wp-json\/wp\/v2\/posts\/249\/revisions"}],"predecessor-version":[{"id":523,"href":"http:\/\/disseny-test.uoc.edu\/materials\/projectes-tipografia\/es\/wp-json\/wp\/v2\/posts\/249\/revisions\/523"}],"wp:featuredmedia":[{"embeddable":true,"href":"http:\/\/disseny-test.uoc.edu\/materials\/projectes-tipografia\/es\/wp-json\/wp\/v2\/media\/69"}],"wp:attachment":[{"href":"http:\/\/disseny-test.uoc.edu\/materials\/projectes-tipografia\/es\/wp-json\/wp\/v2\/media?parent=249"}],"wp:term":[{"taxonomy":"category","embeddable":true,"href":"http:\/\/disseny-test.uoc.edu\/materials\/projectes-tipografia\/es\/wp-json\/wp\/v2\/categories?post=249"},{"taxonomy":"post_tag","embeddable":true,"href":"http:\/\/disseny-test.uoc.edu\/materials\/projectes-tipografia\/es\/wp-json\/wp\/v2\/tags?post=249"}],"curies":[{"name":"wp","href":"https:\/\/api.w.org\/{rel}","templated":true}]}}