{"id":261,"date":"2021-08-02T11:46:20","date_gmt":"2021-08-02T09:46:20","guid":{"rendered":"http:\/\/disseny-test.uoc.edu\/materials\/projectes-tipografia\/?p=261"},"modified":"2021-08-19T12:20:02","modified_gmt":"2021-08-19T10:20:02","slug":"como-se-destaca-una-palabra-en-un-titular-en-cursiva-en-negrita-o-entre-comillas","status":"publish","type":"post","link":"http:\/\/disseny-test.uoc.edu\/materials\/projectes-tipografia\/es\/como-se-destaca-una-palabra-en-un-titular-en-cursiva-en-negrita-o-entre-comillas\/","title":{"rendered":"\u00bfC\u00f3mo se destaca una palabra en un titular? \u00bfEn <em>cursiva<\/em>, en negrita o \u00abentre comillas\u00bb?"},"content":{"rendered":"<p>&nbsp;<\/p>\n<div id=\"attachment_77\" style=\"width: 850px\" class=\"wp-caption alignnone\"><img aria-describedby=\"caption-attachment-77\" loading=\"lazy\" class=\"my-image wp-image-77 size-full\" src=\"http:\/\/disseny-test.uoc.edu\/materials\/projectes-tipografia\/wp-content\/uploads\/sites\/19\/2021\/07\/41336_17.jpg\" alt=\"\" width=\"840\" height=\"368\" srcset=\"http:\/\/disseny-test.uoc.edu\/materials\/projectes-tipografia\/wp-content\/uploads\/sites\/19\/2021\/07\/41336_17.jpg 840w, http:\/\/disseny-test.uoc.edu\/materials\/projectes-tipografia\/wp-content\/uploads\/sites\/19\/2021\/07\/41336_17-300x131.jpg 300w, http:\/\/disseny-test.uoc.edu\/materials\/projectes-tipografia\/wp-content\/uploads\/sites\/19\/2021\/07\/41336_17-768x336.jpg 768w\" sizes=\"(max-width: 840px) 100vw, 840px\" \/><p id=\"caption-attachment-77\" class=\"wp-caption-text\">Fuente: <em>Lalolagr\u00e1fica<\/em>.<\/p><\/div>\n<h2>Descripci\u00f3n<\/h2>\n<p>La ortotipograf\u00eda es el conjunto de usos y convenciones particulares por las que se rige en la escritura mediante signos tipogr\u00e1ficos. Se ocupa de la combinaci\u00f3n de la ortograf\u00eda y la tipograf\u00eda y, en particular, de la forma en la que la primera se aplica a las obras impresas. Se podr\u00eda decir que es una disciplina que est\u00e1 a medio camino entre el trabajo del dise\u00f1ador gr\u00e1fico y el de corrector. Como hoy en d\u00eda gran parte del trabajo del dise\u00f1ador es componer textos y es casi imposible separar la forma del contenido, es importante que conozc\u00e1is algunas de estas normas para aplicar correctamente las normas del lenguaje. As\u00ed, detalles peque\u00f1os como poner en cursiva una palabra extranjera o saber diferenciar entre una raya y un guion pueden marcar la diferencia y dar un valor a\u00f1adido a vuestro trabajo. Un buen referente para tener a mano es el libro publicado por la editorial Gustavo Gili: <em>Ortotipograf\u00eda para dise\u00f1adores<\/em>, de Raquel Mar\u00edn \u00c1lvarez. Mientras esper\u00e1is que llegue el libro, pod\u00e9is leer este art\u00edculo que os permitir\u00e1 haceros una idea de los errores m\u00e1s comunes. &lt;<a href=\"http:\/\/xcastro.com\/2016\/01\/26\/errores-ortotipograficos\/\" target=\"_blank\" rel=\"noopener\">http:\/\/xcastro.com\/2016\/01\/26\/errores-ortotipograficos\/<\/a>&gt;.<\/p>\n<h3>Enlace<\/h3>\n<p><a href=\"http:\/\/lalolagrafica.com\/libro-ortotipografia-disenadores\/\" target=\"_blank\" rel=\"noopener\">http:\/\/lalolagrafica.com\/libro-ortotipografia-disenadores\/<\/a><\/p>\n","protected":false},"excerpt":{"rendered":"<p>&nbsp; Descripci\u00f3n La ortotipograf\u00eda es el conjunto de usos y convenciones particulares por las que se rige en la escritura mediante signos tipogr\u00e1ficos. Se ocupa de la combinaci\u00f3n de la ortograf\u00eda y la tipograf\u00eda y, en particular, de la forma en la que la primera se aplica a las obras impresas. Se podr\u00eda decir que [&hellip;]<\/p>\n","protected":false},"author":1,"featured_media":77,"comment_status":"open","ping_status":"open","sticky":false,"template":"","format":"standard","meta":{"inline_featured_image":false},"categories":[58],"tags":[],"acf":[],"_links":{"self":[{"href":"http:\/\/disseny-test.uoc.edu\/materials\/projectes-tipografia\/es\/wp-json\/wp\/v2\/posts\/261"}],"collection":[{"href":"http:\/\/disseny-test.uoc.edu\/materials\/projectes-tipografia\/es\/wp-json\/wp\/v2\/posts"}],"about":[{"href":"http:\/\/disseny-test.uoc.edu\/materials\/projectes-tipografia\/es\/wp-json\/wp\/v2\/types\/post"}],"author":[{"embeddable":true,"href":"http:\/\/disseny-test.uoc.edu\/materials\/projectes-tipografia\/es\/wp-json\/wp\/v2\/users\/1"}],"replies":[{"embeddable":true,"href":"http:\/\/disseny-test.uoc.edu\/materials\/projectes-tipografia\/es\/wp-json\/wp\/v2\/comments?post=261"}],"version-history":[{"count":6,"href":"http:\/\/disseny-test.uoc.edu\/materials\/projectes-tipografia\/es\/wp-json\/wp\/v2\/posts\/261\/revisions"}],"predecessor-version":[{"id":474,"href":"http:\/\/disseny-test.uoc.edu\/materials\/projectes-tipografia\/es\/wp-json\/wp\/v2\/posts\/261\/revisions\/474"}],"wp:featuredmedia":[{"embeddable":true,"href":"http:\/\/disseny-test.uoc.edu\/materials\/projectes-tipografia\/es\/wp-json\/wp\/v2\/media\/77"}],"wp:attachment":[{"href":"http:\/\/disseny-test.uoc.edu\/materials\/projectes-tipografia\/es\/wp-json\/wp\/v2\/media?parent=261"}],"wp:term":[{"taxonomy":"category","embeddable":true,"href":"http:\/\/disseny-test.uoc.edu\/materials\/projectes-tipografia\/es\/wp-json\/wp\/v2\/categories?post=261"},{"taxonomy":"post_tag","embeddable":true,"href":"http:\/\/disseny-test.uoc.edu\/materials\/projectes-tipografia\/es\/wp-json\/wp\/v2\/tags?post=261"}],"curies":[{"name":"wp","href":"https:\/\/api.w.org\/{rel}","templated":true}]}}