{"id":280,"date":"2021-08-02T12:20:04","date_gmt":"2021-08-02T10:20:04","guid":{"rendered":"http:\/\/disseny-test.uoc.edu\/materials\/projectes-tipografia\/?p=280"},"modified":"2021-08-20T10:20:35","modified_gmt":"2021-08-20T08:20:35","slug":"las-capitulares-oversize-de-fabien-baron","status":"publish","type":"post","link":"http:\/\/disseny-test.uoc.edu\/materials\/projectes-tipografia\/es\/las-capitulares-oversize-de-fabien-baron\/","title":{"rendered":"Las capitulares <em>oversize<\/em> de Fabien Baron"},"content":{"rendered":"<p>&nbsp;<\/p>\n<div id=\"attachment_88\" style=\"width: 850px\" class=\"wp-caption alignnone\"><img aria-describedby=\"caption-attachment-88\" loading=\"lazy\" class=\"my-image wp-image-88 size-full\" src=\"http:\/\/disseny-test.uoc.edu\/materials\/projectes-tipografia\/wp-content\/uploads\/sites\/19\/2021\/07\/41336_26.jpg\" alt=\"\" width=\"840\" height=\"607\" srcset=\"http:\/\/disseny-test.uoc.edu\/materials\/projectes-tipografia\/wp-content\/uploads\/sites\/19\/2021\/07\/41336_26.jpg 840w, http:\/\/disseny-test.uoc.edu\/materials\/projectes-tipografia\/wp-content\/uploads\/sites\/19\/2021\/07\/41336_26-300x217.jpg 300w, http:\/\/disseny-test.uoc.edu\/materials\/projectes-tipografia\/wp-content\/uploads\/sites\/19\/2021\/07\/41336_26-768x555.jpg 768w\" sizes=\"(max-width: 840px) 100vw, 840px\" \/><p id=\"caption-attachment-88\" class=\"wp-caption-text\">Fuente: <em>Baron &amp; Baron<\/em>.<\/p><\/div>\n<h2>Descripci\u00f3n<\/h2>\n<p>Fabien Baron ha dise\u00f1ado para las cabeceras y marcas m\u00e1s importantes de la moda de los \u00faltimos treinta a\u00f1os: <em>Vogue<\/em>, <em>Harper\u2019s<\/em> <em>Bazaar<\/em>, <em>Interview<\/em>, Dior, Calvin Klein, etc. Su trabajo es delicado, con una clara vocaci\u00f3n por hacer de la fotograf\u00eda y la tipograf\u00eda una herramienta para la sofisticaci\u00f3n. De su trabajo os tiene que interesar c\u00f3mo trabaja la belleza de las letras capitulares. Una capitular es la letra que aparece al principio de un cap\u00edtulo o p\u00e1rrafo y que tiene un tama\u00f1o superior al del resto del texto. Tiene una funci\u00f3n ilustrativa, pero tambi\u00e9n sirve para indicar d\u00f3nde empieza el texto. As\u00ed que fijaros en c\u00f3mo Baron utiliza las capitulares en grandes dimensiones, relacionando la suya con forma con la de la fotograf\u00eda que la acompa\u00f1a, consiguiendo que la p\u00e1gina forme un elemento expresivo coherente y equilibrado que facilita la entrada en el art\u00edculo. Se propone que busqu\u00e9is algunas p\u00e1ginas que os gusten del trabajo de Baron y las guard\u00e9is como inspiraci\u00f3n, y la pr\u00f3xima vez que teng\u00e1is que maquetar una doble p\u00e1gina pens\u00e9is en c\u00f3mo la capitular del texto os puede ayudar a dinamizar la composici\u00f3n de la p\u00e1gina y llamar la atenci\u00f3n de los lectores.<\/p>\n<h3>Enlace<\/h3>\n<h4><a href=\"http:\/\/baron-baron.com\/fabien-baron\/\" target=\"_blank\" rel=\"noopener\">http:\/\/baron-baron.com\/fabien-baron\/<\/a><\/h4>\n","protected":false},"excerpt":{"rendered":"<p>&nbsp; Descripci\u00f3n Fabien Baron ha dise\u00f1ado para las cabeceras y marcas m\u00e1s importantes de la moda de los \u00faltimos treinta a\u00f1os: Vogue, Harper\u2019s Bazaar, Interview, Dior, Calvin Klein, etc. Su trabajo es delicado, con una clara vocaci\u00f3n por hacer de la fotograf\u00eda y la tipograf\u00eda una herramienta para la sofisticaci\u00f3n. De su trabajo os tiene [&hellip;]<\/p>\n","protected":false},"author":1,"featured_media":88,"comment_status":"open","ping_status":"open","sticky":false,"template":"","format":"standard","meta":{"inline_featured_image":false},"categories":[59],"tags":[],"acf":[],"_links":{"self":[{"href":"http:\/\/disseny-test.uoc.edu\/materials\/projectes-tipografia\/es\/wp-json\/wp\/v2\/posts\/280"}],"collection":[{"href":"http:\/\/disseny-test.uoc.edu\/materials\/projectes-tipografia\/es\/wp-json\/wp\/v2\/posts"}],"about":[{"href":"http:\/\/disseny-test.uoc.edu\/materials\/projectes-tipografia\/es\/wp-json\/wp\/v2\/types\/post"}],"author":[{"embeddable":true,"href":"http:\/\/disseny-test.uoc.edu\/materials\/projectes-tipografia\/es\/wp-json\/wp\/v2\/users\/1"}],"replies":[{"embeddable":true,"href":"http:\/\/disseny-test.uoc.edu\/materials\/projectes-tipografia\/es\/wp-json\/wp\/v2\/comments?post=280"}],"version-history":[{"count":5,"href":"http:\/\/disseny-test.uoc.edu\/materials\/projectes-tipografia\/es\/wp-json\/wp\/v2\/posts\/280\/revisions"}],"predecessor-version":[{"id":514,"href":"http:\/\/disseny-test.uoc.edu\/materials\/projectes-tipografia\/es\/wp-json\/wp\/v2\/posts\/280\/revisions\/514"}],"wp:featuredmedia":[{"embeddable":true,"href":"http:\/\/disseny-test.uoc.edu\/materials\/projectes-tipografia\/es\/wp-json\/wp\/v2\/media\/88"}],"wp:attachment":[{"href":"http:\/\/disseny-test.uoc.edu\/materials\/projectes-tipografia\/es\/wp-json\/wp\/v2\/media?parent=280"}],"wp:term":[{"taxonomy":"category","embeddable":true,"href":"http:\/\/disseny-test.uoc.edu\/materials\/projectes-tipografia\/es\/wp-json\/wp\/v2\/categories?post=280"},{"taxonomy":"post_tag","embeddable":true,"href":"http:\/\/disseny-test.uoc.edu\/materials\/projectes-tipografia\/es\/wp-json\/wp\/v2\/tags?post=280"}],"curies":[{"name":"wp","href":"https:\/\/api.w.org\/{rel}","templated":true}]}}