{"id":282,"date":"2021-08-02T12:22:55","date_gmt":"2021-08-02T10:22:55","guid":{"rendered":"http:\/\/disseny-test.uoc.edu\/materials\/projectes-tipografia\/?p=282"},"modified":"2021-08-19T12:33:13","modified_gmt":"2021-08-19T10:33:13","slug":"el-caos-controlado-de-las-composiciones-de-wolfgang-weingart","status":"publish","type":"post","link":"http:\/\/disseny-test.uoc.edu\/materials\/projectes-tipografia\/es\/el-caos-controlado-de-las-composiciones-de-wolfgang-weingart\/","title":{"rendered":"El caos controlado de las composiciones de Wolfgang Weingart"},"content":{"rendered":"<p>&nbsp;<\/p>\n<div id=\"attachment_89\" style=\"width: 850px\" class=\"wp-caption alignnone\"><img aria-describedby=\"caption-attachment-89\" loading=\"lazy\" class=\"my-image wp-image-89 size-full\" src=\"http:\/\/disseny-test.uoc.edu\/materials\/projectes-tipografia\/wp-content\/uploads\/sites\/19\/2021\/07\/41336_27.jpg\" alt=\"\" width=\"840\" height=\"541\" srcset=\"http:\/\/disseny-test.uoc.edu\/materials\/projectes-tipografia\/wp-content\/uploads\/sites\/19\/2021\/07\/41336_27.jpg 840w, http:\/\/disseny-test.uoc.edu\/materials\/projectes-tipografia\/wp-content\/uploads\/sites\/19\/2021\/07\/41336_27-300x193.jpg 300w, http:\/\/disseny-test.uoc.edu\/materials\/projectes-tipografia\/wp-content\/uploads\/sites\/19\/2021\/07\/41336_27-768x495.jpg 768w\" sizes=\"(max-width: 840px) 100vw, 840px\" \/><p id=\"caption-attachment-89\" class=\"wp-caption-text\">Fuente: <em>Thinking Form<\/em>.<\/p><\/div>\n<h2><strong>Descripci\u00f3n<\/strong><\/h2>\n<p>Wolfgang Weingart\u00a0se form\u00f3 en los a\u00f1os sesenta en la Basel School of Design bajo el paradigma del dise\u00f1o neutral que promov\u00eda el movimiento moderno tipogr\u00e1fico suizo. Movimiento liderado por tip\u00f3grafos como Emil Ruder y Armin Hoffman. Pero en el desarrollo de su carrera en los a\u00f1os noventa, Weingart abraz\u00f3 el movimiento deconstructivista propio de la \u00e9poca y volvi\u00f3 como profesor a la escuela que lo form\u00f3 con una nueva forma de entender la tipograf\u00eda. Observad el p\u00f3ster de Weingart de la izquierda. Fijaros en c\u00f3mo la tipograf\u00eda se convierte en parte de la ilustraci\u00f3n a base de fragmentar la linealidad de la lectura, buscando esta fragmentaci\u00f3n por medio del m\u00e1ximo contraste entre el tama\u00f1o y el color en la cubierta para la revista <em>TM<\/em> de la derecha y reflexionad sobre c\u00f3mo este trabajo de deconstrucci\u00f3n de la composici\u00f3n genera una textura activa y llena de energ\u00eda a partir de unos recursos muy limitados. Tratad de aplicar esta t\u00e9cnica de fragmentaci\u00f3n en vuestras composiciones y observad c\u00f3mo pod\u00e9is dar m\u00e1s vida a vuestras composiciones tipogr\u00e1ficas sin necesidad de cambiar de familia ni de estilo.<\/p>\n<h3>Enlace<\/h3>\n<p><a href=\"https:\/\/thinkingform.nyc\/2014\/02\/06\/thinking-wolfgang-weingart-02-06-1941\/\" target=\"_blank\" rel=\"noopener\">https:\/\/thinkingform.nyc\/2014\/02\/06\/thinking-wolfgang-weingart-02-06-1941\/<\/a><\/p>\n","protected":false},"excerpt":{"rendered":"<p>&nbsp; Descripci\u00f3n Wolfgang Weingart\u00a0se form\u00f3 en los a\u00f1os sesenta en la Basel School of Design bajo el paradigma del dise\u00f1o neutral que promov\u00eda el movimiento moderno tipogr\u00e1fico suizo. Movimiento liderado por tip\u00f3grafos como Emil Ruder y Armin Hoffman. Pero en el desarrollo de su carrera en los a\u00f1os noventa, Weingart abraz\u00f3 el movimiento deconstructivista propio [&hellip;]<\/p>\n","protected":false},"author":1,"featured_media":89,"comment_status":"open","ping_status":"open","sticky":false,"template":"","format":"standard","meta":{"inline_featured_image":false},"categories":[59],"tags":[],"acf":[],"_links":{"self":[{"href":"http:\/\/disseny-test.uoc.edu\/materials\/projectes-tipografia\/es\/wp-json\/wp\/v2\/posts\/282"}],"collection":[{"href":"http:\/\/disseny-test.uoc.edu\/materials\/projectes-tipografia\/es\/wp-json\/wp\/v2\/posts"}],"about":[{"href":"http:\/\/disseny-test.uoc.edu\/materials\/projectes-tipografia\/es\/wp-json\/wp\/v2\/types\/post"}],"author":[{"embeddable":true,"href":"http:\/\/disseny-test.uoc.edu\/materials\/projectes-tipografia\/es\/wp-json\/wp\/v2\/users\/1"}],"replies":[{"embeddable":true,"href":"http:\/\/disseny-test.uoc.edu\/materials\/projectes-tipografia\/es\/wp-json\/wp\/v2\/comments?post=282"}],"version-history":[{"count":4,"href":"http:\/\/disseny-test.uoc.edu\/materials\/projectes-tipografia\/es\/wp-json\/wp\/v2\/posts\/282\/revisions"}],"predecessor-version":[{"id":488,"href":"http:\/\/disseny-test.uoc.edu\/materials\/projectes-tipografia\/es\/wp-json\/wp\/v2\/posts\/282\/revisions\/488"}],"wp:featuredmedia":[{"embeddable":true,"href":"http:\/\/disseny-test.uoc.edu\/materials\/projectes-tipografia\/es\/wp-json\/wp\/v2\/media\/89"}],"wp:attachment":[{"href":"http:\/\/disseny-test.uoc.edu\/materials\/projectes-tipografia\/es\/wp-json\/wp\/v2\/media?parent=282"}],"wp:term":[{"taxonomy":"category","embeddable":true,"href":"http:\/\/disseny-test.uoc.edu\/materials\/projectes-tipografia\/es\/wp-json\/wp\/v2\/categories?post=282"},{"taxonomy":"post_tag","embeddable":true,"href":"http:\/\/disseny-test.uoc.edu\/materials\/projectes-tipografia\/es\/wp-json\/wp\/v2\/tags?post=282"}],"curies":[{"name":"wp","href":"https:\/\/api.w.org\/{rel}","templated":true}]}}