{"id":284,"date":"2021-08-02T12:25:22","date_gmt":"2021-08-02T10:25:22","guid":{"rendered":"http:\/\/disseny-test.uoc.edu\/materials\/projectes-tipografia\/?p=284"},"modified":"2021-08-20T10:30:00","modified_gmt":"2021-08-20T08:30:00","slug":"pensar-con-tipografia-de-ellen-lupton-un-paseo-tipografico-entre-reticulas","status":"publish","type":"post","link":"http:\/\/disseny-test.uoc.edu\/materials\/projectes-tipografia\/es\/pensar-con-tipografia-de-ellen-lupton-un-paseo-tipografico-entre-reticulas\/","title":{"rendered":"<em>Pensar con tipograf\u00eda,<\/em> de Ellen Lupton. Un paseo tipogr\u00e1fico entre ret\u00edculas"},"content":{"rendered":"<p><strong>\u00a0<\/strong><\/p>\n<div id=\"attachment_90\" style=\"width: 850px\" class=\"wp-caption alignnone\"><img aria-describedby=\"caption-attachment-90\" loading=\"lazy\" class=\"my-image wp-image-90 size-full\" src=\"http:\/\/disseny-test.uoc.edu\/materials\/projectes-tipografia\/wp-content\/uploads\/sites\/19\/2021\/07\/41336_28.jpg\" alt=\"\" width=\"840\" height=\"1210\" srcset=\"http:\/\/disseny-test.uoc.edu\/materials\/projectes-tipografia\/wp-content\/uploads\/sites\/19\/2021\/07\/41336_28.jpg 840w, http:\/\/disseny-test.uoc.edu\/materials\/projectes-tipografia\/wp-content\/uploads\/sites\/19\/2021\/07\/41336_28-208x300.jpg 208w, http:\/\/disseny-test.uoc.edu\/materials\/projectes-tipografia\/wp-content\/uploads\/sites\/19\/2021\/07\/41336_28-768x1106.jpg 768w, http:\/\/disseny-test.uoc.edu\/materials\/projectes-tipografia\/wp-content\/uploads\/sites\/19\/2021\/07\/41336_28-711x1024.jpg 711w\" sizes=\"(max-width: 840px) 100vw, 840px\" \/><p id=\"caption-attachment-90\" class=\"wp-caption-text\">Fuente: <em>Thinking With Type<\/em>.<\/p><\/div>\n<h2>Descripci\u00f3n<\/h2>\n<p>Cuando ten\u00e9is delante una p\u00e1gina en blanco lo primero (y lo mejor) que pod\u00e9is hacer es dividirla de manera que la p\u00e1gina dibuje espacios para organizar los diferentes elementos que tendr\u00e1n que convivir. Esta divisi\u00f3n normalmente se hace de manera proporcional, sea en relaci\u00f3n con la p\u00e1gina o en relaci\u00f3n con la tipograf\u00eda. Es decir, hay dos tipolog\u00edas de ret\u00edculas: las basadas en la secci\u00f3n \u00e1urea que dividen el espacio en zona viva (la del texto) y m\u00e1rgenes; y las modulares, que dividen el espacio en varias columnas y filas que pod\u00e9is rellenar de manera m\u00e1s flexible para crear jerarqu\u00edas m\u00e1s complejas. En el enlace encontrar\u00e9is una explicaci\u00f3n detallada de c\u00f3mo son las distintas ret\u00edculas que ten\u00e9is a vuestro alcance. Fijaros bien en la diferencia entre ellas y reflexionad sobre el hecho de que cuanto m\u00e1s fragmentada es la distribuci\u00f3n de la p\u00e1gina, m\u00e1s posibilidades ten\u00e9is para ubicar los elementos de p\u00e1gina y jerarquizar los elementos, y por tanto, m\u00e1s dinamismo en la composici\u00f3n.<\/p>\n<h3>Enlace<\/h3>\n<p><a href=\"http:\/\/thinkingwithtype.com\/grid\/\" target=\"_blank\" rel=\"noopener\">http:\/\/thinkingwithtype.com\/grid\/<\/a><\/p>\n","protected":false},"excerpt":{"rendered":"<p>\u00a0 Descripci\u00f3n Cuando ten\u00e9is delante una p\u00e1gina en blanco lo primero (y lo mejor) que pod\u00e9is hacer es dividirla de manera que la p\u00e1gina dibuje espacios para organizar los diferentes elementos que tendr\u00e1n que convivir. Esta divisi\u00f3n normalmente se hace de manera proporcional, sea en relaci\u00f3n con la p\u00e1gina o en relaci\u00f3n con la tipograf\u00eda. [&hellip;]<\/p>\n","protected":false},"author":1,"featured_media":90,"comment_status":"open","ping_status":"open","sticky":false,"template":"","format":"standard","meta":{"inline_featured_image":false},"categories":[59],"tags":[],"acf":[],"_links":{"self":[{"href":"http:\/\/disseny-test.uoc.edu\/materials\/projectes-tipografia\/es\/wp-json\/wp\/v2\/posts\/284"}],"collection":[{"href":"http:\/\/disseny-test.uoc.edu\/materials\/projectes-tipografia\/es\/wp-json\/wp\/v2\/posts"}],"about":[{"href":"http:\/\/disseny-test.uoc.edu\/materials\/projectes-tipografia\/es\/wp-json\/wp\/v2\/types\/post"}],"author":[{"embeddable":true,"href":"http:\/\/disseny-test.uoc.edu\/materials\/projectes-tipografia\/es\/wp-json\/wp\/v2\/users\/1"}],"replies":[{"embeddable":true,"href":"http:\/\/disseny-test.uoc.edu\/materials\/projectes-tipografia\/es\/wp-json\/wp\/v2\/comments?post=284"}],"version-history":[{"count":4,"href":"http:\/\/disseny-test.uoc.edu\/materials\/projectes-tipografia\/es\/wp-json\/wp\/v2\/posts\/284\/revisions"}],"predecessor-version":[{"id":524,"href":"http:\/\/disseny-test.uoc.edu\/materials\/projectes-tipografia\/es\/wp-json\/wp\/v2\/posts\/284\/revisions\/524"}],"wp:featuredmedia":[{"embeddable":true,"href":"http:\/\/disseny-test.uoc.edu\/materials\/projectes-tipografia\/es\/wp-json\/wp\/v2\/media\/90"}],"wp:attachment":[{"href":"http:\/\/disseny-test.uoc.edu\/materials\/projectes-tipografia\/es\/wp-json\/wp\/v2\/media?parent=284"}],"wp:term":[{"taxonomy":"category","embeddable":true,"href":"http:\/\/disseny-test.uoc.edu\/materials\/projectes-tipografia\/es\/wp-json\/wp\/v2\/categories?post=284"},{"taxonomy":"post_tag","embeddable":true,"href":"http:\/\/disseny-test.uoc.edu\/materials\/projectes-tipografia\/es\/wp-json\/wp\/v2\/tags?post=284"}],"curies":[{"name":"wp","href":"https:\/\/api.w.org\/{rel}","templated":true}]}}