{"id":139,"date":"2021-07-15T12:14:10","date_gmt":"2021-07-15T10:14:10","guid":{"rendered":"http:\/\/disseny-test.uoc.edu\/materials\/projectes-tipografia\/?p=139"},"modified":"2021-08-20T10:27:42","modified_gmt":"2021-08-20T08:27:42","slug":"lobs-la-revista-on-conviuen-les-tensions-tipografiques-i-les-politiques","status":"publish","type":"post","link":"http:\/\/disseny-test.uoc.edu\/materials\/projectes-tipografia\/lobs-la-revista-on-conviuen-les-tensions-tipografiques-i-les-politiques\/","title":{"rendered":"<em>L\u2019OBS<\/em>, la revista on conviuen les tensions tipogr\u00e0fiques i les pol\u00edtiques"},"content":{"rendered":"<p>&nbsp;<\/p>\n<p><img loading=\"lazy\" class=\"my-image wp-image-69 size-full\" src=\"http:\/\/disseny-test.uoc.edu\/materials\/projectes-tipografia\/wp-content\/uploads\/sites\/19\/2021\/07\/41336_12-b.jpg\" alt=\"\" width=\"840\" height=\"570\" srcset=\"http:\/\/disseny-test.uoc.edu\/materials\/projectes-tipografia\/wp-content\/uploads\/sites\/19\/2021\/07\/41336_12-b.jpg 840w, http:\/\/disseny-test.uoc.edu\/materials\/projectes-tipografia\/wp-content\/uploads\/sites\/19\/2021\/07\/41336_12-b-300x204.jpg 300w, http:\/\/disseny-test.uoc.edu\/materials\/projectes-tipografia\/wp-content\/uploads\/sites\/19\/2021\/07\/41336_12-b-768x521.jpg 768w\" sizes=\"(max-width: 840px) 100vw, 840px\" \/><\/p>\n<div id=\"attachment_68\" style=\"width: 850px\" class=\"wp-caption alignnone\"><img aria-describedby=\"caption-attachment-68\" loading=\"lazy\" class=\"my-image wp-image-68 size-full\" src=\"http:\/\/disseny-test.uoc.edu\/materials\/projectes-tipografia\/wp-content\/uploads\/sites\/19\/2021\/07\/41336_12-a.jpg\" alt=\"\" width=\"840\" height=\"557\" srcset=\"http:\/\/disseny-test.uoc.edu\/materials\/projectes-tipografia\/wp-content\/uploads\/sites\/19\/2021\/07\/41336_12-a.jpg 840w, http:\/\/disseny-test.uoc.edu\/materials\/projectes-tipografia\/wp-content\/uploads\/sites\/19\/2021\/07\/41336_12-a-300x199.jpg 300w, http:\/\/disseny-test.uoc.edu\/materials\/projectes-tipografia\/wp-content\/uploads\/sites\/19\/2021\/07\/41336_12-a-768x509.jpg 768w\" sizes=\"(max-width: 840px) 100vw, 840px\" \/><p id=\"caption-attachment-68\" class=\"wp-caption-text\">Font: <em>L&#8217;Obs \u2013 Serge Ricco<\/em>.<\/p><\/div>\n<h2>Descripci\u00f3<\/h2>\n<p>Serge Ricco va entrar a treballar al setmanari pol\u00edtic franc\u00e8s <em>Le Nouvel Observateur<\/em> el 2009 i amb deu anys ha capgirat tant el tractament tipogr\u00e0fic com el fotogr\u00e0fic. Fins i tot li va canviar el nom reduint-lo a la m\u00ednima expressi\u00f3, com ja feien els seus lectors. D\u2019aquesta manera <em>L\u2019OBS<\/em> ha convertit les p\u00e0gines plenes d\u2019opini\u00f3 i comentaris pol\u00edtics en un divertiment que ha atrapat milers de lectors a la revista impresa mentre els seus competidors posaven els esfor\u00e7os en les versions en l\u00ednia. Si us fixeu en les p\u00e0gines de <em>L\u2019OBS<\/em>, podreu observar com Ricco hi combina molt\u00edssimes fam\u00edlies tipogr\u00e0fiques. De fet, \u00e9s molt possible que aquesta exuber\u00e0ncia tipogr\u00e0fica la trobeu est\u00e8ticament lletja. I \u00e9s aix\u00ed, aquest \u00e9s un dels arguments que defensa el disseny de Ricco: que all\u00f2 lleig es ven b\u00e9. De tota manera, m\u00e9s enll\u00e0 del judici subjectiu de la bellesa, el que s\u00ed que mereix el dissenyador \u00e9s un aplaudiment pel seu bon saber fer tipogr\u00e0fic. No \u00e9s gens f\u00e0cil combinar tantes fam\u00edlies en una sola superf\u00edcie, aix\u00ed que amplieu les fotografies i fixeu-vos en els recursos que utilitza per harmonitzar el caos: una excel\u00b7lent ret\u00edcula de fons que estructura la diversitat, un tractament dels colors auster que compensa pesos, i l\u2019\u00fas de figures ornamentals com ara filets, fletxes i greques que l\u2019ajuden a crear connexions entre formes.<\/p>\n<h3>Enlla\u00e7<\/h3>\n<p><a href=\"http:\/\/www.sergericco.com\/lobs\" target=\"_blank\" rel=\"noopener\">http:\/\/www.sergericco.com\/lobs<\/a><\/p>\n","protected":false},"excerpt":{"rendered":"<p>&nbsp; Descripci\u00f3 Serge Ricco va entrar a treballar al setmanari pol\u00edtic franc\u00e8s Le Nouvel Observateur el 2009 i amb deu anys ha capgirat tant el tractament tipogr\u00e0fic com el fotogr\u00e0fic. Fins i tot li va canviar el nom reduint-lo a la m\u00ednima expressi\u00f3, com ja feien els seus lectors. D\u2019aquesta manera L\u2019OBS ha convertit les [&hellip;]<\/p>\n","protected":false},"author":1,"featured_media":69,"comment_status":"open","ping_status":"open","sticky":false,"template":"","format":"standard","meta":{"inline_featured_image":false},"categories":[18],"tags":[],"acf":[],"_links":{"self":[{"href":"http:\/\/disseny-test.uoc.edu\/materials\/projectes-tipografia\/wp-json\/wp\/v2\/posts\/139"}],"collection":[{"href":"http:\/\/disseny-test.uoc.edu\/materials\/projectes-tipografia\/wp-json\/wp\/v2\/posts"}],"about":[{"href":"http:\/\/disseny-test.uoc.edu\/materials\/projectes-tipografia\/wp-json\/wp\/v2\/types\/post"}],"author":[{"embeddable":true,"href":"http:\/\/disseny-test.uoc.edu\/materials\/projectes-tipografia\/wp-json\/wp\/v2\/users\/1"}],"replies":[{"embeddable":true,"href":"http:\/\/disseny-test.uoc.edu\/materials\/projectes-tipografia\/wp-json\/wp\/v2\/comments?post=139"}],"version-history":[{"count":5,"href":"http:\/\/disseny-test.uoc.edu\/materials\/projectes-tipografia\/wp-json\/wp\/v2\/posts\/139\/revisions"}],"predecessor-version":[{"id":521,"href":"http:\/\/disseny-test.uoc.edu\/materials\/projectes-tipografia\/wp-json\/wp\/v2\/posts\/139\/revisions\/521"}],"wp:featuredmedia":[{"embeddable":true,"href":"http:\/\/disseny-test.uoc.edu\/materials\/projectes-tipografia\/wp-json\/wp\/v2\/media\/69"}],"wp:attachment":[{"href":"http:\/\/disseny-test.uoc.edu\/materials\/projectes-tipografia\/wp-json\/wp\/v2\/media?parent=139"}],"wp:term":[{"taxonomy":"category","embeddable":true,"href":"http:\/\/disseny-test.uoc.edu\/materials\/projectes-tipografia\/wp-json\/wp\/v2\/categories?post=139"},{"taxonomy":"post_tag","embeddable":true,"href":"http:\/\/disseny-test.uoc.edu\/materials\/projectes-tipografia\/wp-json\/wp\/v2\/tags?post=139"}],"curies":[{"name":"wp","href":"https:\/\/api.w.org\/{rel}","templated":true}]}}