{"id":154,"date":"2021-07-15T13:04:33","date_gmt":"2021-07-15T11:04:33","guid":{"rendered":"http:\/\/disseny-test.uoc.edu\/materials\/projectes-tipografia\/?p=154"},"modified":"2021-08-19T12:18:21","modified_gmt":"2021-08-19T10:18:21","slug":"com-es-destaca-una-paraula-en-un-titular-en-cursiva-en-negreta-o-entre-cometes","status":"publish","type":"post","link":"http:\/\/disseny-test.uoc.edu\/materials\/projectes-tipografia\/com-es-destaca-una-paraula-en-un-titular-en-cursiva-en-negreta-o-entre-cometes\/","title":{"rendered":"Com es destaca una paraula en un titular? En <em>cursiva<\/em>, en negreta o \u00abentre cometes\u00bb?"},"content":{"rendered":"<p>&nbsp;<\/p>\n<div id=\"attachment_77\" style=\"width: 850px\" class=\"wp-caption alignnone\"><img aria-describedby=\"caption-attachment-77\" loading=\"lazy\" class=\"my-image wp-image-77 size-full\" src=\"http:\/\/disseny-test.uoc.edu\/materials\/projectes-tipografia\/wp-content\/uploads\/sites\/19\/2021\/07\/41336_17.jpg\" alt=\"\" width=\"840\" height=\"368\" srcset=\"http:\/\/disseny-test.uoc.edu\/materials\/projectes-tipografia\/wp-content\/uploads\/sites\/19\/2021\/07\/41336_17.jpg 840w, http:\/\/disseny-test.uoc.edu\/materials\/projectes-tipografia\/wp-content\/uploads\/sites\/19\/2021\/07\/41336_17-300x131.jpg 300w, http:\/\/disseny-test.uoc.edu\/materials\/projectes-tipografia\/wp-content\/uploads\/sites\/19\/2021\/07\/41336_17-768x336.jpg 768w\" sizes=\"(max-width: 840px) 100vw, 840px\" \/><p id=\"caption-attachment-77\" class=\"wp-caption-text\">Font: <em>Lalolagr\u00e1fica<\/em>.<\/p><\/div>\n<h2>Descripci\u00f3<\/h2>\n<p><span style=\"color: black;\">L\u2019ortotipografia \u00e9s el conjunt d\u2019usos i convencions particulars per les quals es regeix en l\u2019escriptura mitjan\u00e7ant signes tipogr\u00e0fics. S\u2019ocupa de la combinaci\u00f3 de l\u2019ortografia i la tipografia i, en particular, de la forma en qu\u00e8 la primera s\u2019aplica a les obres impreses. Es podria dir que \u00e9s una disciplina que est\u00e0 a mig cam\u00ed entre la feina del dissenyador gr\u00e0fic i la del corrector. Com que avui en dia bona part del treball del dissenyador \u00e9s compondre textos i \u00e9s gaireb\u00e9 impossible separar la forma del contingut, \u00e9s important que conegueu algunes d\u2019aquestes normes per tal d\u2019aplicar correctament les normes del llenguatge. Aix\u00ed, detalls petits com ara posar en cursiva una paraula estrangera o saber diferenciar entre una ratlla i un gui\u00f3 poden marcar la difer\u00e8ncia i donar un valor afegit a la vostra feina. Un bon referent per tenir a m\u00e0 \u00e9s el llibre publicat per l\u2019editorial Gustavo Gili: Ortotipograf\u00eda para dise\u00f1adores, de Raquel Mar\u00edn \u00c1lvarez. Per anar fent boca mentre espereu que us arribi el llibre, podeu llegir aquest article que us permetr\u00e0 fer-vos una idea dels errors m\u00e9s comuns. &lt;<\/span><a href=\"http:\/\/xcastro.com\/2016\/01\/26\/errores-ortotipograficos\/\" target=\"_blank\" rel=\"noopener\">http:\/\/xcastro.com\/2016\/01\/26\/errores-ortotipograficos\/<\/a><span style=\"color: black;\">&gt;.<\/span><\/p>\n<h3>Enlla\u00e7<\/h3>\n<p><a href=\"http:\/\/lalolagrafica.com\/libro-ortotipografia-disenadores\/\" target=\"_blank\" rel=\"noopener\">http:\/\/lalolagrafica.com\/libro-ortotipografia-disenadores\/<\/a><\/p>\n","protected":false},"excerpt":{"rendered":"<p>&nbsp; Descripci\u00f3 L\u2019ortotipografia \u00e9s el conjunt d\u2019usos i convencions particulars per les quals es regeix en l\u2019escriptura mitjan\u00e7ant signes tipogr\u00e0fics. S\u2019ocupa de la combinaci\u00f3 de l\u2019ortografia i la tipografia i, en particular, de la forma en qu\u00e8 la primera s\u2019aplica a les obres impreses. Es podria dir que \u00e9s una disciplina que est\u00e0 a mig [&hellip;]<\/p>\n","protected":false},"author":1,"featured_media":77,"comment_status":"open","ping_status":"open","sticky":false,"template":"","format":"standard","meta":{"inline_featured_image":false},"categories":[18],"tags":[],"acf":[],"_links":{"self":[{"href":"http:\/\/disseny-test.uoc.edu\/materials\/projectes-tipografia\/wp-json\/wp\/v2\/posts\/154"}],"collection":[{"href":"http:\/\/disseny-test.uoc.edu\/materials\/projectes-tipografia\/wp-json\/wp\/v2\/posts"}],"about":[{"href":"http:\/\/disseny-test.uoc.edu\/materials\/projectes-tipografia\/wp-json\/wp\/v2\/types\/post"}],"author":[{"embeddable":true,"href":"http:\/\/disseny-test.uoc.edu\/materials\/projectes-tipografia\/wp-json\/wp\/v2\/users\/1"}],"replies":[{"embeddable":true,"href":"http:\/\/disseny-test.uoc.edu\/materials\/projectes-tipografia\/wp-json\/wp\/v2\/comments?post=154"}],"version-history":[{"count":7,"href":"http:\/\/disseny-test.uoc.edu\/materials\/projectes-tipografia\/wp-json\/wp\/v2\/posts\/154\/revisions"}],"predecessor-version":[{"id":472,"href":"http:\/\/disseny-test.uoc.edu\/materials\/projectes-tipografia\/wp-json\/wp\/v2\/posts\/154\/revisions\/472"}],"wp:featuredmedia":[{"embeddable":true,"href":"http:\/\/disseny-test.uoc.edu\/materials\/projectes-tipografia\/wp-json\/wp\/v2\/media\/77"}],"wp:attachment":[{"href":"http:\/\/disseny-test.uoc.edu\/materials\/projectes-tipografia\/wp-json\/wp\/v2\/media?parent=154"}],"wp:term":[{"taxonomy":"category","embeddable":true,"href":"http:\/\/disseny-test.uoc.edu\/materials\/projectes-tipografia\/wp-json\/wp\/v2\/categories?post=154"},{"taxonomy":"post_tag","embeddable":true,"href":"http:\/\/disseny-test.uoc.edu\/materials\/projectes-tipografia\/wp-json\/wp\/v2\/tags?post=154"}],"curies":[{"name":"wp","href":"https:\/\/api.w.org\/{rel}","templated":true}]}}