{"id":181,"date":"2021-07-15T15:32:42","date_gmt":"2021-07-15T13:32:42","guid":{"rendered":"http:\/\/disseny-test.uoc.edu\/materials\/projectes-tipografia\/?p=181"},"modified":"2021-08-19T12:30:42","modified_gmt":"2021-08-19T10:30:42","slug":"el-caos-controlat-de-les-composicions-de-wolfgang-weingart","status":"publish","type":"post","link":"http:\/\/disseny-test.uoc.edu\/materials\/projectes-tipografia\/el-caos-controlat-de-les-composicions-de-wolfgang-weingart\/","title":{"rendered":"El caos controlat de les composicions de Wolfgang Weingart"},"content":{"rendered":"<p><strong>\u00a0<\/strong><\/p>\n<div id=\"attachment_89\" style=\"width: 850px\" class=\"wp-caption alignnone\"><img aria-describedby=\"caption-attachment-89\" loading=\"lazy\" class=\"my-image wp-image-89 size-full\" src=\"http:\/\/disseny-test.uoc.edu\/materials\/projectes-tipografia\/wp-content\/uploads\/sites\/19\/2021\/07\/41336_27.jpg\" alt=\"\" width=\"840\" height=\"541\" srcset=\"http:\/\/disseny-test.uoc.edu\/materials\/projectes-tipografia\/wp-content\/uploads\/sites\/19\/2021\/07\/41336_27.jpg 840w, http:\/\/disseny-test.uoc.edu\/materials\/projectes-tipografia\/wp-content\/uploads\/sites\/19\/2021\/07\/41336_27-300x193.jpg 300w, http:\/\/disseny-test.uoc.edu\/materials\/projectes-tipografia\/wp-content\/uploads\/sites\/19\/2021\/07\/41336_27-768x495.jpg 768w\" sizes=\"(max-width: 840px) 100vw, 840px\" \/><p id=\"caption-attachment-89\" class=\"wp-caption-text\">Font: <em>Thinking Form<\/em>.<\/p><\/div>\n<h2><strong>Descripci\u00f3<\/strong><\/h2>\n<p>Wolfgang Weingart\u00a0es va formar els anys seixanta a la Basel School of Design sota el paradigma del disseny neutral que promovia el moviment modern tipogr\u00e0fic su\u00eds. Moviment liderat per tip\u00f2grafs com Emil Ruder i Armin Hoffman. Per\u00f2 en el desenvolupament de la seva carrera els anys noranta, Weingart va abra\u00e7ar el moviment desconstructivista propi de l\u2019\u00e8poca i va retornar com a professor a l\u2019escola que el va formar amb una nova manera d\u2019entendre la tipografia. Observeu el p\u00f2ster de Weingart de l\u2019esquerra. Fixeu-vos en com la tipografia es converteix en part de la il\u00b7lustraci\u00f3 a c\u00f2pia de fragmentar-ne la linealitat de la lectura, tot buscant aquesta fragmentaci\u00f3 per mitj\u00e0 del m\u00e0xim contrast entre la mida dels par\u00e0grafs i el seu color respecte al fons. Fixeu-vos ara en aquest contrast de mida i color en la coberta per a la revista <em>TM<\/em> de la dreta i reflexioneu sobre com aquest treball de desconstrucci\u00f3 de la composici\u00f3 genera una textura activa i plena d\u2019energia a partir d\u2019uns recursos molt limitats. Proveu d\u2019aplicar aquesta t\u00e8cnica de fragmentaci\u00f3 en les vostres composicions i observeu com podeu donar m\u00e9s vida a les vostres composicions tipogr\u00e0fiques sense necessitat de canviar ni de fam\u00edlia ni d\u2019estil.<\/p>\n<h3>Enlla\u00e7<\/h3>\n<p><a href=\"https:\/\/thinkingform.nyc\/2014\/02\/06\/thinking-wolfgang-weingart-02-06-1941\/\" target=\"_blank\" rel=\"noopener\">https:\/\/thinkingform.nyc\/2014\/02\/06\/thinking-wolfgang-weingart-02-06-1941\/<\/a><\/p>\n","protected":false},"excerpt":{"rendered":"<p>\u00a0 Descripci\u00f3 Wolfgang Weingart\u00a0es va formar els anys seixanta a la Basel School of Design sota el paradigma del disseny neutral que promovia el moviment modern tipogr\u00e0fic su\u00eds. Moviment liderat per tip\u00f2grafs com Emil Ruder i Armin Hoffman. Per\u00f2 en el desenvolupament de la seva carrera els anys noranta, Weingart va abra\u00e7ar el moviment desconstructivista [&hellip;]<\/p>\n","protected":false},"author":1,"featured_media":89,"comment_status":"open","ping_status":"open","sticky":false,"template":"","format":"standard","meta":{"inline_featured_image":false},"categories":[19],"tags":[],"acf":[],"_links":{"self":[{"href":"http:\/\/disseny-test.uoc.edu\/materials\/projectes-tipografia\/wp-json\/wp\/v2\/posts\/181"}],"collection":[{"href":"http:\/\/disseny-test.uoc.edu\/materials\/projectes-tipografia\/wp-json\/wp\/v2\/posts"}],"about":[{"href":"http:\/\/disseny-test.uoc.edu\/materials\/projectes-tipografia\/wp-json\/wp\/v2\/types\/post"}],"author":[{"embeddable":true,"href":"http:\/\/disseny-test.uoc.edu\/materials\/projectes-tipografia\/wp-json\/wp\/v2\/users\/1"}],"replies":[{"embeddable":true,"href":"http:\/\/disseny-test.uoc.edu\/materials\/projectes-tipografia\/wp-json\/wp\/v2\/comments?post=181"}],"version-history":[{"count":5,"href":"http:\/\/disseny-test.uoc.edu\/materials\/projectes-tipografia\/wp-json\/wp\/v2\/posts\/181\/revisions"}],"predecessor-version":[{"id":485,"href":"http:\/\/disseny-test.uoc.edu\/materials\/projectes-tipografia\/wp-json\/wp\/v2\/posts\/181\/revisions\/485"}],"wp:featuredmedia":[{"embeddable":true,"href":"http:\/\/disseny-test.uoc.edu\/materials\/projectes-tipografia\/wp-json\/wp\/v2\/media\/89"}],"wp:attachment":[{"href":"http:\/\/disseny-test.uoc.edu\/materials\/projectes-tipografia\/wp-json\/wp\/v2\/media?parent=181"}],"wp:term":[{"taxonomy":"category","embeddable":true,"href":"http:\/\/disseny-test.uoc.edu\/materials\/projectes-tipografia\/wp-json\/wp\/v2\/categories?post=181"},{"taxonomy":"post_tag","embeddable":true,"href":"http:\/\/disseny-test.uoc.edu\/materials\/projectes-tipografia\/wp-json\/wp\/v2\/tags?post=181"}],"curies":[{"name":"wp","href":"https:\/\/api.w.org\/{rel}","templated":true}]}}