{"id":183,"date":"2021-07-15T15:37:16","date_gmt":"2021-07-15T13:37:16","guid":{"rendered":"http:\/\/disseny-test.uoc.edu\/materials\/projectes-tipografia\/?p=183"},"modified":"2021-08-20T10:30:51","modified_gmt":"2021-08-20T08:30:51","slug":"pensar-amb-tipografia-dellen-lupton-un-passeig-tipografic-entre-reticules","status":"publish","type":"post","link":"http:\/\/disseny-test.uoc.edu\/materials\/projectes-tipografia\/pensar-amb-tipografia-dellen-lupton-un-passeig-tipografic-entre-reticules\/","title":{"rendered":"<em>Pensar amb tipografia<\/em>, d\u2019Ellen Lupton. Un passeig tipogr\u00e0fic entre ret\u00edcules"},"content":{"rendered":"<p>&nbsp;<\/p>\n<div id=\"attachment_90\" style=\"width: 850px\" class=\"wp-caption alignnone\"><img aria-describedby=\"caption-attachment-90\" loading=\"lazy\" class=\"my-image wp-image-90 size-full\" src=\"http:\/\/disseny-test.uoc.edu\/materials\/projectes-tipografia\/wp-content\/uploads\/sites\/19\/2021\/07\/41336_28.jpg\" alt=\"\" width=\"840\" height=\"1210\" srcset=\"http:\/\/disseny-test.uoc.edu\/materials\/projectes-tipografia\/wp-content\/uploads\/sites\/19\/2021\/07\/41336_28.jpg 840w, http:\/\/disseny-test.uoc.edu\/materials\/projectes-tipografia\/wp-content\/uploads\/sites\/19\/2021\/07\/41336_28-208x300.jpg 208w, http:\/\/disseny-test.uoc.edu\/materials\/projectes-tipografia\/wp-content\/uploads\/sites\/19\/2021\/07\/41336_28-768x1106.jpg 768w, http:\/\/disseny-test.uoc.edu\/materials\/projectes-tipografia\/wp-content\/uploads\/sites\/19\/2021\/07\/41336_28-711x1024.jpg 711w\" sizes=\"(max-width: 840px) 100vw, 840px\" \/><p id=\"caption-attachment-90\" class=\"wp-caption-text\">Font: <em>Thinking With Type<\/em>.<\/p><\/div>\n<h2>Descripci\u00f3<\/h2>\n<p>Quan teniu davant una p\u00e0gina en blanc el primer (i el millor) que podeu fer \u00e9s dividir-la de manera que la p\u00e0gina us dibuixi espais per organitzar els diferents elements que hi hauran de conviure. Aquesta divisi\u00f3 normalment es fa de manera proporcional, sigui en relaci\u00f3 amb la p\u00e0gina o en relaci\u00f3 amb la tipografia. \u00c9s a dir, que hi ha dues tipologies de ret\u00edcules: les basades en la secci\u00f3 \u00e0uria que divideixen l\u2019espai en zona viva (la del text) i marges; i les modulars, que divideixen l\u2019espai en diverses columnes i files que podeu omplir de manera m\u00e9s flexible per crear jerarquies m\u00e9s complexes. En l\u2019enlla\u00e7 trobareu una explicaci\u00f3 detallada de com s\u00f3n les diferents ret\u00edcules que teniu al vostre abast. Fixeu-vos b\u00e9 en la difer\u00e8ncia entre elles i reflexioneu sobre el fet que com m\u00e9s fragmentada \u00e9s la distribuci\u00f3 de la p\u00e0gina m\u00e9s possibilitats teniu per ubicar els elements de p\u00e0gina i jerarquitzar els elements, i per tant, m\u00e9s dinamisme en la composici\u00f3.<\/p>\n<h3>Enlla\u00e7<\/h3>\n<p><a href=\"http:\/\/thinkingwithtype.com\/grid\/\" target=\"_blank\" rel=\"noopener\">http:\/\/thinkingwithtype.com\/grid\/<\/a><\/p>\n","protected":false},"excerpt":{"rendered":"<p>&nbsp; Descripci\u00f3 Quan teniu davant una p\u00e0gina en blanc el primer (i el millor) que podeu fer \u00e9s dividir-la de manera que la p\u00e0gina us dibuixi espais per organitzar els diferents elements que hi hauran de conviure. Aquesta divisi\u00f3 normalment es fa de manera proporcional, sigui en relaci\u00f3 amb la p\u00e0gina o en relaci\u00f3 amb [&hellip;]<\/p>\n","protected":false},"author":1,"featured_media":90,"comment_status":"open","ping_status":"open","sticky":false,"template":"","format":"standard","meta":{"inline_featured_image":false},"categories":[19],"tags":[],"acf":[],"_links":{"self":[{"href":"http:\/\/disseny-test.uoc.edu\/materials\/projectes-tipografia\/wp-json\/wp\/v2\/posts\/183"}],"collection":[{"href":"http:\/\/disseny-test.uoc.edu\/materials\/projectes-tipografia\/wp-json\/wp\/v2\/posts"}],"about":[{"href":"http:\/\/disseny-test.uoc.edu\/materials\/projectes-tipografia\/wp-json\/wp\/v2\/types\/post"}],"author":[{"embeddable":true,"href":"http:\/\/disseny-test.uoc.edu\/materials\/projectes-tipografia\/wp-json\/wp\/v2\/users\/1"}],"replies":[{"embeddable":true,"href":"http:\/\/disseny-test.uoc.edu\/materials\/projectes-tipografia\/wp-json\/wp\/v2\/comments?post=183"}],"version-history":[{"count":4,"href":"http:\/\/disseny-test.uoc.edu\/materials\/projectes-tipografia\/wp-json\/wp\/v2\/posts\/183\/revisions"}],"predecessor-version":[{"id":526,"href":"http:\/\/disseny-test.uoc.edu\/materials\/projectes-tipografia\/wp-json\/wp\/v2\/posts\/183\/revisions\/526"}],"wp:featuredmedia":[{"embeddable":true,"href":"http:\/\/disseny-test.uoc.edu\/materials\/projectes-tipografia\/wp-json\/wp\/v2\/media\/90"}],"wp:attachment":[{"href":"http:\/\/disseny-test.uoc.edu\/materials\/projectes-tipografia\/wp-json\/wp\/v2\/media?parent=183"}],"wp:term":[{"taxonomy":"category","embeddable":true,"href":"http:\/\/disseny-test.uoc.edu\/materials\/projectes-tipografia\/wp-json\/wp\/v2\/categories?post=183"},{"taxonomy":"post_tag","embeddable":true,"href":"http:\/\/disseny-test.uoc.edu\/materials\/projectes-tipografia\/wp-json\/wp\/v2\/tags?post=183"}],"curies":[{"name":"wp","href":"https:\/\/api.w.org\/{rel}","templated":true}]}}